{"id":77232,"date":"2019-06-05T16:04:03","date_gmt":"2019-06-05T14:04:03","guid":{"rendered":"http:\/\/www.sba.it\/?p=77232"},"modified":"2019-06-05T16:04:03","modified_gmt":"2019-06-05T14:04:03","slug":"arte-entro-luglio-il-decreto-cultura-eliminera-i-lacci-alla-libera-circolazione","status":"publish","type":"post","link":"https:\/\/www.sba.it\/ru\/arte-entro-luglio-il-decreto-cultura-eliminera-i-lacci-alla-libera-circolazione\/","title":{"rendered":"Arte, entro luglio il decreto Cultura eliminer\u00e0 i lacci alla libera circolazione"},"content":{"rendered":"<p><strong>di Marilena Pirrelli, da <a href=\"https:\/\/www.ilsole24ore.com\/\">Il Sole 24 Ore<\/a>, 13 giugno 2015<\/strong><\/p>\n<p><!--more--><\/p>\n<p>Riportiamo il seguente articolo nel BLOG della <a href=\"http:\/\/www.sba.it\/\">Societ\u00e0 di Belle Arti<\/a>:<\/p>\n<p>Manca solo il veicolo normativo, che potrebbe essere il decreto Cultura, per far passare una revisione significativa della regolamentazione della cicolazione delle opere d&#8217;arte, riforma condivisa dalla Presidenza del Consiglio dei ministri e dal vertice del Mibact.<\/p>\n<p>Il gruppo d&#8217;interesse Apollo 2,- che rappresenta case d&#8217;asta internazionali, associazioni case d&#8217;asta nazionali, associazione antiquari e galleristi d&#8217;arte moderna e contemporanea, associazione librai antiquari e operatori della logistica &#8212; ha sollecitato l&#8217;inserimento della riforma nella delega di riforma della Pubblica amministrazione (legge Mad\u00eca), ma dovrebbe essere presentato in un decreto al consiglio dei ministri entro luglio.<\/p>\n<p>La riforma cambier\u00e0 la normativa prevista dalla circolare del ministero della Pubblica Istruzione del 13 maggio 1974 e alcuni articoli del Codice dei Beni culturali senza compromettere la funzione di tutela, ma dar\u00e0 respiro al mercato, frenato dalla limitata mobilit\u00e0 delle opere.<\/p>\n<p>Lo ha annunciato gioved\u00ec scorso l&#8217;avvocato Giuseppe Calabi, in rappresentanza degli operatori, al convegno &#171;Quale tassazione per le opere d&#8217;arte? Collezionismo, trasferimenti e mercato: questioni giuridiche e fiscali&#187; all&#8217;Universit\u00e0 Bicocca di Milano, promosso dal Dipartimento dei sistemi giuridici col coordinamento scientifico di Alessandra Donati.<\/p>\n<p>Quali le novit\u00e0?<\/p>\n<p>&#171;L&#8217;introduzione delle soglie di valore per l&#8217;esportazione delle opere (in Europa la soglia per i dipinti \u00e8 a 150mila euro) e per coerenza anche per le notifiche- spiega Calabi-, la libera circolazione per le opere fino a 100 anni dalla loro realizzazione (dagli attuali 50), un termine obbligatorio alla Pa per emettere la licenza d&#8217;esportazione&#187;.<\/p>\n<p>Quali le nuove linee?<\/p>\n<p>&#171;Prevedono che il pregio artistico non debba essere criterio sufficiente per bloccare l&#8217;uscita dell&#8217;opera dai confini-specifica l&#8217;avvocato-, ma dovr\u00e0 essere accompagnato dal criterio di rarit\u00e0 oltre che di pertinenza al patrimonio artistico italiano.<\/p>\n<p>La stessa la rarit\u00e0 sar\u00e0 declinata su criteri pi\u00f9 oggettivi includendo l&#8217;assenza di una pi\u00f9 opere analoghe in collezioni pubbliche o private, l&#8217;origine straniera considerata con estrema cautela, esclusa la possibilit\u00e0 di bloccare opere che si trovino casualmente in Italia&#187;.<\/p>\n<p>Altro annuncio fatto al convegno da Patrizia Sandretto Re Rebaundengo la firma del protocollo d&#8217;intesa tra 15 fondazioni private e il Mibact per nuove forme di collaborazione tra pubblico e privato.<\/p>\n<p>I relatori hanno passato in rassegna tutti gli aspetti giuridici e fiscali legati a produzione, possesso, scambio e circolazione delle opere, evidenziando i limiti del sistema italiano (notifica, fiscalit\u00e0 su import, eccesso di burocrazia per il mecenatismo, applicazione del Dds, difficolt\u00e0 delle donazioni ai musei) e i vantaggi (normativa sulla successione e sul trust, assenza di tassazione del capital gain).<\/p>\n<p>&nbsp;<\/p>\n<p>Torna al <a href=\"https:\/\/www.sba.it\/ru\/blog\/\">BLOG<\/a> della <a href=\"http:\/\/www.sba.it\/\">Soci<\/a>et\u00e0\u00a0 di Belle Arti<\/p>\n","protected":false},"excerpt":{"rendered":"<p>di Marilena Pirrelli, da Il Sole 24 Ore, 13 giugno 2015<\/p>\n","protected":false},"author":2,"featured_media":0,"comment_status":"closed","ping_status":"closed","sticky":false,"template":"","format":"standard","meta":{"_monsterinsights_skip_tracking":false,"_monsterinsights_sitenote_active":false,"_monsterinsights_sitenote_note":"","_monsterinsights_sitenote_category":0,"footnotes":""},"categories":[1395],"tags":[1396],"class_list":["post-77232","post","type-post","status-publish","format-standard","hentry","category-blog-ru","tag-quadri-libera-circolazione-ru"],"yoast_head":"<!-- This site is optimized with the Yoast SEO plugin v27.4 - https:\/\/yoast.com\/product\/yoast-seo-wordpress\/ -->\n<title>Arte, entro luglio il decreto Cultura eliminer\u00e0 i lacci alla libera circolazione<\/title>\n<meta name=\"description\" content=\"Leggi come il decreto cultura eliminer\u00e0 freni a libera circolazione di quadri, quadri in libera circolazione leggi nel Blog della Societ\u00e0 di Belle Arti\" \/>\n<meta name=\"robots\" content=\"index, follow, max-snippet:-1, max-image-preview:large, max-video-preview:-1\" \/>\n<link rel=\"canonical\" href=\"https:\/\/www.sba.it\/ru\/arte-entro-luglio-il-decreto-cultura-eliminera-i-lacci-alla-libera-circolazione\/\" \/>\n<meta property=\"og:locale\" content=\"ru_RU\" \/>\n<meta property=\"og:type\" content=\"article\" \/>\n<meta property=\"og:title\" content=\"Arte, entro luglio il decreto Cultura eliminer\u00e0 i lacci alla libera circolazione\" \/>\n<meta property=\"og:description\" content=\"Leggi come il decreto cultura eliminer\u00e0 freni a libera circolazione di quadri, quadri in libera circolazione leggi nel Blog della Societ\u00e0 di Belle Arti\" \/>\n<meta property=\"og:url\" content=\"https:\/\/www.sba.it\/ru\/arte-entro-luglio-il-decreto-cultura-eliminera-i-lacci-alla-libera-circolazione\/\" \/>\n<meta property=\"og:site_name\" content=\"Societ\u00e0 di Belle Arti\" \/>\n<meta property=\"article:publisher\" content=\"https:\/\/www.facebook.com\/pitturaitaliana800e900\/\" \/>\n<meta property=\"article:published_time\" content=\"2019-06-05T14:04:03+00:00\" \/>\n<meta name=\"author\" content=\"Vendita e acquisto quadri &#039;800 e &#039;900 - Societ\u00e0 di Belle Arti\" \/>\n<meta name=\"twitter:card\" content=\"summary_large_image\" \/>\n<meta name=\"twitter:creator\" content=\"@SocietaArti\" \/>\n<meta name=\"twitter:site\" content=\"@SocietaArti\" \/>\n<meta name=\"twitter:label1\" content=\"\u041d\u0430\u043f\u0438\u0441\u0430\u043d\u043e \u0430\u0432\u0442\u043e\u0440\u043e\u043c\" \/>\n\t<meta name=\"twitter:data1\" content=\"Vendita e acquisto quadri &#039;800 e &#039;900 - Societ\u00e0 di Belle Arti\" \/>\n\t<meta name=\"twitter:label2\" content=\"\u041f\u0440\u0438\u043c\u0435\u0440\u043d\u043e\u0435 \u0432\u0440\u0435\u043c\u044f \u0434\u043b\u044f \u0447\u0442\u0435\u043d\u0438\u044f\" \/>\n\t<meta name=\"twitter:data2\" content=\"2 \u043c\u0438\u043d\u0443\u0442\u044b\" \/>\n<script type=\"application\/ld+json\" class=\"yoast-schema-graph\">{\"@context\":\"https:\\\/\\\/schema.org\",\"@graph\":[{\"@type\":\"Article\",\"@id\":\"https:\\\/\\\/www.sba.it\\\/ru\\\/arte-entro-luglio-il-decreto-cultura-eliminera-i-lacci-alla-libera-circolazione\\\/#article\",\"isPartOf\":{\"@id\":\"https:\\\/\\\/www.sba.it\\\/ru\\\/arte-entro-luglio-il-decreto-cultura-eliminera-i-lacci-alla-libera-circolazione\\\/\"},\"author\":{\"name\":\"Vendita e acquisto quadri '800 e '900 - Societ\u00e0 di Belle Arti\",\"@id\":\"https:\\\/\\\/www.sba.it\\\/#\\\/schema\\\/person\\\/968cb6f2084065f2f4fe69d739977acc\"},\"headline\":\"Arte, entro luglio il decreto Cultura eliminer\u00e0 i lacci alla libera circolazione\",\"datePublished\":\"2019-06-05T14:04:03+00:00\",\"mainEntityOfPage\":{\"@id\":\"https:\\\/\\\/www.sba.it\\\/ru\\\/arte-entro-luglio-il-decreto-cultura-eliminera-i-lacci-alla-libera-circolazione\\\/\"},\"wordCount\":459,\"publisher\":{\"@id\":\"https:\\\/\\\/www.sba.it\\\/#organization\"},\"keywords\":[\"quadri-libera-circolazione\"],\"articleSection\":[\"Blog\"],\"inLanguage\":\"ru-RU\"},{\"@type\":\"WebPage\",\"@id\":\"https:\\\/\\\/www.sba.it\\\/ru\\\/arte-entro-luglio-il-decreto-cultura-eliminera-i-lacci-alla-libera-circolazione\\\/\",\"url\":\"https:\\\/\\\/www.sba.it\\\/ru\\\/arte-entro-luglio-il-decreto-cultura-eliminera-i-lacci-alla-libera-circolazione\\\/\",\"name\":\"Arte, entro luglio il decreto Cultura eliminer\u00e0 i lacci alla libera circolazione\",\"isPartOf\":{\"@id\":\"https:\\\/\\\/www.sba.it\\\/#website\"},\"datePublished\":\"2019-06-05T14:04:03+00:00\",\"description\":\"Leggi come il decreto cultura eliminer\u00e0 freni a libera circolazione di quadri, quadri in libera circolazione leggi nel Blog della Societ\u00e0 di Belle Arti\",\"breadcrumb\":{\"@id\":\"https:\\\/\\\/www.sba.it\\\/ru\\\/arte-entro-luglio-il-decreto-cultura-eliminera-i-lacci-alla-libera-circolazione\\\/#breadcrumb\"},\"inLanguage\":\"ru-RU\",\"potentialAction\":[{\"@type\":\"ReadAction\",\"target\":[\"https:\\\/\\\/www.sba.it\\\/ru\\\/arte-entro-luglio-il-decreto-cultura-eliminera-i-lacci-alla-libera-circolazione\\\/\"]}]},{\"@type\":\"BreadcrumbList\",\"@id\":\"https:\\\/\\\/www.sba.it\\\/ru\\\/arte-entro-luglio-il-decreto-cultura-eliminera-i-lacci-alla-libera-circolazione\\\/#breadcrumb\",\"itemListElement\":[{\"@type\":\"ListItem\",\"position\":1,\"name\":\"Home\",\"item\":\"https:\\\/\\\/www.sba.it\\\/ru\\\/\"},{\"@type\":\"ListItem\",\"position\":2,\"name\":\"Arte, entro luglio il decreto Cultura eliminer\u00e0 i lacci alla libera circolazione\"}]},{\"@type\":\"WebSite\",\"@id\":\"https:\\\/\\\/www.sba.it\\\/#website\",\"url\":\"https:\\\/\\\/www.sba.it\\\/\",\"name\":\"Societ\u00e0 di Belle Arti\",\"description\":\"Quadri macchiaioli e del 800 e 900 in vendita\",\"publisher\":{\"@id\":\"https:\\\/\\\/www.sba.it\\\/#organization\"},\"potentialAction\":[{\"@type\":\"SearchAction\",\"target\":{\"@type\":\"EntryPoint\",\"urlTemplate\":\"https:\\\/\\\/www.sba.it\\\/?s={search_term_string}\"},\"query-input\":{\"@type\":\"PropertyValueSpecification\",\"valueRequired\":true,\"valueName\":\"search_term_string\"}}],\"inLanguage\":\"ru-RU\"},{\"@type\":\"Organization\",\"@id\":\"https:\\\/\\\/www.sba.it\\\/#organization\",\"name\":\"Societ\u00e0 di Belle Arti\",\"url\":\"https:\\\/\\\/www.sba.it\\\/\",\"logo\":{\"@type\":\"ImageObject\",\"inLanguage\":\"ru-RU\",\"@id\":\"https:\\\/\\\/www.sba.it\\\/#\\\/schema\\\/logo\\\/image\\\/\",\"url\":\"https:\\\/\\\/www.sba.it\\\/wp-content\\\/uploads\\\/2019\\\/04\\\/Logo-rosso_nero.png\",\"contentUrl\":\"https:\\\/\\\/www.sba.it\\\/wp-content\\\/uploads\\\/2019\\\/04\\\/Logo-rosso_nero.png\",\"width\":2532,\"height\":1137,\"caption\":\"Societ\u00e0 di Belle Arti\"},\"image\":{\"@id\":\"https:\\\/\\\/www.sba.it\\\/#\\\/schema\\\/logo\\\/image\\\/\"},\"sameAs\":[\"https:\\\/\\\/www.facebook.com\\\/pitturaitaliana800e900\\\/\",\"https:\\\/\\\/x.com\\\/SocietaArti\",\"https:\\\/\\\/www.instagram.com\\\/societadibellearti\",\"https:\\\/\\\/www.linkedin.com\\\/in\\\/societ\u00e0-di-belle-arti-363aa8191\\\/\",\"https:\\\/\\\/www.youtube.com\\\/channel\\\/UC6fJlk-ajwhsnEIICATyXaQ\"]},{\"@type\":\"Person\",\"@id\":\"https:\\\/\\\/www.sba.it\\\/#\\\/schema\\\/person\\\/968cb6f2084065f2f4fe69d739977acc\",\"name\":\"Vendita e acquisto quadri '800 e '900 - Societ\u00e0 di Belle Arti\",\"url\":\"https:\\\/\\\/www.sba.it\\\/ru\\\/author\\\/sba\\\/\"}]}<\/script>\n<!-- \/ Yoast SEO plugin. -->","yoast_head_json":{"title":"Arte, entro luglio il decreto Cultura eliminer\u00e0 i lacci alla libera circolazione","description":"Leggi come il decreto cultura eliminer\u00e0 freni a libera circolazione di quadri, quadri in libera circolazione leggi nel Blog della Societ\u00e0 di Belle Arti","robots":{"index":"index","follow":"follow","max-snippet":"max-snippet:-1","max-image-preview":"max-image-preview:large","max-video-preview":"max-video-preview:-1"},"canonical":"https:\/\/www.sba.it\/ru\/arte-entro-luglio-il-decreto-cultura-eliminera-i-lacci-alla-libera-circolazione\/","og_locale":"ru_RU","og_type":"article","og_title":"Arte, entro luglio il decreto Cultura eliminer\u00e0 i lacci alla libera circolazione","og_description":"Leggi come il decreto cultura eliminer\u00e0 freni a libera circolazione di quadri, quadri in libera circolazione leggi nel Blog della Societ\u00e0 di Belle Arti","og_url":"https:\/\/www.sba.it\/ru\/arte-entro-luglio-il-decreto-cultura-eliminera-i-lacci-alla-libera-circolazione\/","og_site_name":"Societ\u00e0 di Belle Arti","article_publisher":"https:\/\/www.facebook.com\/pitturaitaliana800e900\/","article_published_time":"2019-06-05T14:04:03+00:00","author":"Vendita e acquisto quadri '800 e '900 - Societ\u00e0 di Belle Arti","twitter_card":"summary_large_image","twitter_creator":"@SocietaArti","twitter_site":"@SocietaArti","twitter_misc":{"\u041d\u0430\u043f\u0438\u0441\u0430\u043d\u043e \u0430\u0432\u0442\u043e\u0440\u043e\u043c":"Vendita e acquisto quadri '800 e '900 - Societ\u00e0 di Belle Arti","\u041f\u0440\u0438\u043c\u0435\u0440\u043d\u043e\u0435 \u0432\u0440\u0435\u043c\u044f \u0434\u043b\u044f \u0447\u0442\u0435\u043d\u0438\u044f":"2 \u043c\u0438\u043d\u0443\u0442\u044b"},"schema":{"@context":"https:\/\/schema.org","@graph":[{"@type":"Article","@id":"https:\/\/www.sba.it\/ru\/arte-entro-luglio-il-decreto-cultura-eliminera-i-lacci-alla-libera-circolazione\/#article","isPartOf":{"@id":"https:\/\/www.sba.it\/ru\/arte-entro-luglio-il-decreto-cultura-eliminera-i-lacci-alla-libera-circolazione\/"},"author":{"name":"Vendita e acquisto quadri '800 e '900 - Societ\u00e0 di Belle Arti","@id":"https:\/\/www.sba.it\/#\/schema\/person\/968cb6f2084065f2f4fe69d739977acc"},"headline":"Arte, entro luglio il decreto Cultura eliminer\u00e0 i lacci alla libera circolazione","datePublished":"2019-06-05T14:04:03+00:00","mainEntityOfPage":{"@id":"https:\/\/www.sba.it\/ru\/arte-entro-luglio-il-decreto-cultura-eliminera-i-lacci-alla-libera-circolazione\/"},"wordCount":459,"publisher":{"@id":"https:\/\/www.sba.it\/#organization"},"keywords":["quadri-libera-circolazione"],"articleSection":["Blog"],"inLanguage":"ru-RU"},{"@type":"WebPage","@id":"https:\/\/www.sba.it\/ru\/arte-entro-luglio-il-decreto-cultura-eliminera-i-lacci-alla-libera-circolazione\/","url":"https:\/\/www.sba.it\/ru\/arte-entro-luglio-il-decreto-cultura-eliminera-i-lacci-alla-libera-circolazione\/","name":"Arte, entro luglio il decreto Cultura eliminer\u00e0 i lacci alla libera circolazione","isPartOf":{"@id":"https:\/\/www.sba.it\/#website"},"datePublished":"2019-06-05T14:04:03+00:00","description":"Leggi come il decreto cultura eliminer\u00e0 freni a libera circolazione di quadri, quadri in libera circolazione leggi nel Blog della Societ\u00e0 di Belle Arti","breadcrumb":{"@id":"https:\/\/www.sba.it\/ru\/arte-entro-luglio-il-decreto-cultura-eliminera-i-lacci-alla-libera-circolazione\/#breadcrumb"},"inLanguage":"ru-RU","potentialAction":[{"@type":"ReadAction","target":["https:\/\/www.sba.it\/ru\/arte-entro-luglio-il-decreto-cultura-eliminera-i-lacci-alla-libera-circolazione\/"]}]},{"@type":"BreadcrumbList","@id":"https:\/\/www.sba.it\/ru\/arte-entro-luglio-il-decreto-cultura-eliminera-i-lacci-alla-libera-circolazione\/#breadcrumb","itemListElement":[{"@type":"ListItem","position":1,"name":"Home","item":"https:\/\/www.sba.it\/ru\/"},{"@type":"ListItem","position":2,"name":"Arte, entro luglio il decreto Cultura eliminer\u00e0 i lacci alla libera circolazione"}]},{"@type":"WebSite","@id":"https:\/\/www.sba.it\/#website","url":"https:\/\/www.sba.it\/","name":"Societ\u00e0 di Belle Arti","description":"Quadri macchiaioli e del 800 e 900 in vendita","publisher":{"@id":"https:\/\/www.sba.it\/#organization"},"potentialAction":[{"@type":"SearchAction","target":{"@type":"EntryPoint","urlTemplate":"https:\/\/www.sba.it\/?s={search_term_string}"},"query-input":{"@type":"PropertyValueSpecification","valueRequired":true,"valueName":"search_term_string"}}],"inLanguage":"ru-RU"},{"@type":"Organization","@id":"https:\/\/www.sba.it\/#organization","name":"Societ\u00e0 di Belle Arti","url":"https:\/\/www.sba.it\/","logo":{"@type":"ImageObject","inLanguage":"ru-RU","@id":"https:\/\/www.sba.it\/#\/schema\/logo\/image\/","url":"https:\/\/www.sba.it\/wp-content\/uploads\/2019\/04\/Logo-rosso_nero.png","contentUrl":"https:\/\/www.sba.it\/wp-content\/uploads\/2019\/04\/Logo-rosso_nero.png","width":2532,"height":1137,"caption":"Societ\u00e0 di Belle Arti"},"image":{"@id":"https:\/\/www.sba.it\/#\/schema\/logo\/image\/"},"sameAs":["https:\/\/www.facebook.com\/pitturaitaliana800e900\/","https:\/\/x.com\/SocietaArti","https:\/\/www.instagram.com\/societadibellearti","https:\/\/www.linkedin.com\/in\/societ\u00e0-di-belle-arti-363aa8191\/","https:\/\/www.youtube.com\/channel\/UC6fJlk-ajwhsnEIICATyXaQ"]},{"@type":"Person","@id":"https:\/\/www.sba.it\/#\/schema\/person\/968cb6f2084065f2f4fe69d739977acc","name":"Vendita e acquisto quadri '800 e '900 - Societ\u00e0 di Belle Arti","url":"https:\/\/www.sba.it\/ru\/author\/sba\/"}]}},"_links":{"self":[{"href":"https:\/\/www.sba.it\/ru\/wp-json\/wp\/v2\/posts\/77232","targetHints":{"allow":["GET"]}}],"collection":[{"href":"https:\/\/www.sba.it\/ru\/wp-json\/wp\/v2\/posts"}],"about":[{"href":"https:\/\/www.sba.it\/ru\/wp-json\/wp\/v2\/types\/post"}],"author":[{"embeddable":true,"href":"https:\/\/www.sba.it\/ru\/wp-json\/wp\/v2\/users\/2"}],"replies":[{"embeddable":true,"href":"https:\/\/www.sba.it\/ru\/wp-json\/wp\/v2\/comments?post=77232"}],"version-history":[{"count":1,"href":"https:\/\/www.sba.it\/ru\/wp-json\/wp\/v2\/posts\/77232\/revisions"}],"predecessor-version":[{"id":84116,"href":"https:\/\/www.sba.it\/ru\/wp-json\/wp\/v2\/posts\/77232\/revisions\/84116"}],"wp:attachment":[{"href":"https:\/\/www.sba.it\/ru\/wp-json\/wp\/v2\/media?parent=77232"}],"wp:term":[{"taxonomy":"category","embeddable":true,"href":"https:\/\/www.sba.it\/ru\/wp-json\/wp\/v2\/categories?post=77232"},{"taxonomy":"post_tag","embeddable":true,"href":"https:\/\/www.sba.it\/ru\/wp-json\/wp\/v2\/tags?post=77232"}],"curies":[{"name":"wp","href":"https:\/\/api.w.org\/{rel}","templated":true}]}}