{"id":77870,"date":"2015-01-12T11:01:35","date_gmt":"2015-01-12T10:01:35","guid":{"rendered":"http:\/\/www.sba.it\/2015\/01\/12\/una-ricognizione-sulla-prima-stagione-di-boldini\/"},"modified":"2022-03-30T11:02:28","modified_gmt":"2022-03-30T09:02:28","slug":"una-ricognizione-sulla-prima-stagione-di-boldini","status":"publish","type":"post","link":"https:\/\/www.sba.it\/en\/una-ricognizione-sulla-prima-stagione-di-boldini\/","title":{"rendered":"Spettacolo chic"},"content":{"rendered":"<p>di Giovanni Pellinghelli del Monticello, da Il Giornale dell&#8217;Arte, gennaio 2015<\/p>\n<p><!--more--><\/p>\n<p>Ha suscitato commenti disparati: da Jacques-Emile Blanche: &#8220;<em>Giovanni Boldini incarna il genio vibrante e facile, la maestria posta al miglior servizio del piacere dei sensi<\/em>&#8221; (1931), a Cecil Beaton: &#8220;<em>Per quanto pieno di piaggeria sia stato il suo lavoro anche il pi\u00f9 insopportabile dei ritratti di Boldini rivela il suo immenso diverrtimento<\/em>&#8221; (1955), a Bernard Berenson: &#8220;<em>Era l&#8217;artista pi\u00f9 chic quando ritraeva come sotto in vetro traslucido allungate figure di signore del Bel Mondo internazionale. Interpretava al meglio l&#8217;eleganza femminile dandole pose ambigue fra salotte e teatro. Quei ritratti dal forte potere d&#8217;incanto rivelano spontanee e sicure doti di pittore<\/em>&#8221; (1959). <a href=\"http:\/\/www.sba.it\/boldini-giovanni-biografia-quadri-in-vendita-valutazione-stima-perizia-certificata-di-dipinti-di-boldini-giovanni\/\">Giovanni Boldini<\/a> (1842-1931) resta pittore di fascini estremi, facinorosi di polemche\u00a0 (fra i suoi non estimatori, ad esempio. il conterraneo Filippo De Pisis) e conosce in anni recenti una speciale fortuna espositiva. Lo conferma &#8220;Boldini. Lo spettacolo della modernit\u00e0&#8221;, a cura di Francesca Dini e Fernando Mazzocca, mostra che i Musei di San Domenico a Forl\u00ec gli dedicano dal primo febbraio al 14 giugno. L&#8217;estro creativo e sperimentale di Boldini transit\u00f2 dalla provincia nebbiosa di Ferrara ai bagliori di Parigi fin-de-si\u00e8cle creando col percorso fra <a href=\"https:\/\/www.sba.it\/en\/macchiaioli-paintings-for-sale-19th-20th-century-italian-paintings-for-sale\/\">Macchiaioli<\/a> e postimpressionisti quella poetica personalissima fatta di specularit\u00e0 sociopsicologica fra artista e committenza ( a cui Bolini offr\u00ec proprio la rappresentazione &#8220;divinizzante&#8221; a cui aspirava) e ricerca della perfezione emotiva dell&#8217;immagine (e &#8220;imaginifica&#8221; fu la sua pittura come la poesia del contemporaneo D&#8217;Annunzio). Ogni dipinto \u00e8 uno studio minuzioso per raggiungere la perfetta vibrazione formale: persino quei tipici colpi di pennello (rapidid e taglienti come &#8220;sciabolate&#8221;), che imprimevano tensione, movimento e torsione ai suoi modelli per esaltarne il fascino. O a crearlo, laddove (spesso) mancante. Grazie alla ricerca di Francesca Dini, la rivisitazione della vicenda pittorica di <a href=\"https:\/\/www.sba.it\/en\/boldini-a-forli\/\">Boldini <\/a>ne approfondisce, accanto ai dipinti, la produzione grafica (disegni, acquerelli e incisioni) e presenta anche opere inedite sia pittoriche sia, soprattutto, grafiche. In quest&#8217;ottica, fulcro della mostra \u00e8 la riconsiderazione della prima stagione di Boldini , quella antecedente alla pi\u00f9 nota attivit\u00e0 parigina: gli anni dal 1864 al 1870, trascorsi a Firenze nell&#8217;ambito dei Macchiaioli e caratterizzati dalla produzione di piccoli dipinti e ritratti. Articolata per sezioni, la mostra si apre con la sua biografia per immagini, ritratti e autoritratti. Si prosegue attraverso i ritratti di amici e collezionisti (Telemaco Signorini e Diego Martelli in primis) della stagione macchiaiola e poi il primo periodo parigino con paesaggi e scene di genere di piccolo formato, segnato dallo stretto legame con l&#8217;influente mercante d&#8217;arte Adolphe Goupil, fino al confronto diretto con gli artisti italiani come lui attivi a Parigi: <a href=\"http:\/\/www.sba.it\/giuseppe-de-nittis-biografia-quadri-in-vendita-valutazione-stima-perizia-certificata-di-dipinti-di-giuseppe-de-nittis\/\">De Nittis<\/a>, <a href=\"http:\/\/www.sba.it\/corcos-vittorio-matteo-biografia-quadri-postmacchiaioli-in-vendita-valutazione-stima-perizia-certificata-di-dipinti-postmacchiaioli-di-corcos-vittorio-matteo\/\">Corcos<\/a>, <a href=\"http:\/\/www.sba.it\/de-tivoli-serafino-biografia-quadri-macchiaioili-in-vendita-valutazione-stima-perizia-certificata-di-dipinti-di-serafino-de-tivoli\/\">De Tivoli <\/a>e <a href=\"http:\/\/www.sba.it\/federico-zandomeneghi-biografia-quadri-in-vendita-valutazione-stima-perizia-certificata-di-dipinti-di-federico-zandomeneghi\/\">Zadomeneghi<\/a>. Infine la ritrattistica, che lo consacr\u00f2 superstar internazionale del &#8220;ritratto mondano&#8221;. E qui, a chiusura del percorso, una gourmandise da intenditori: per la prima volta il confronto iconografico e stilistico fra i ritratti boldiniani e le opere dell&#8217;altrettanto mondano (seppur oggi meno noto) pittore e scultore Paolo Troubetzkoy (1866-1938), principe russo met\u00e0 americano e italiano per nascita, vissuto e formazione artistica.<\/p>\n<p>&nbsp;<\/p>\n","protected":false},"excerpt":{"rendered":"<p>di Giovanni Pellinghelli del Monticello, da Il Giornale dell&#8217;Arte, gennaio 2015<\/p>\n","protected":false},"author":2,"featured_media":0,"comment_status":"closed","ping_status":"closed","sticky":false,"template":"","format":"standard","meta":{"_monsterinsights_skip_tracking":false,"_monsterinsights_sitenote_active":false,"_monsterinsights_sitenote_note":"","_monsterinsights_sitenote_category":0,"footnotes":""},"categories":[1393],"tags":[],"class_list":["post-77870","post","type-post","status-publish","format-standard","hentry","category-blog-en"],"yoast_head":"<!-- This site is optimized with the Yoast SEO plugin v27.5 - https:\/\/yoast.com\/product\/yoast-seo-wordpress\/ -->\n<title>Spettacolo chic - Societ\u00e0 di Belle Arti<\/title>\n<meta name=\"description\" content=\"Giovanni Boldini vendita di quadri opere e dipinti del pittore Boldini Societ\u00e0 di Belle Arti Viareggio., dove comprare quadri di Boldini\" \/>\n<meta name=\"robots\" content=\"index, follow, max-snippet:-1, max-image-preview:large, max-video-preview:-1\" \/>\n<link rel=\"canonical\" href=\"https:\/\/www.sba.it\/en\/una-ricognizione-sulla-prima-stagione-di-boldini\/\" \/>\n<meta property=\"og:locale\" content=\"en_US\" \/>\n<meta property=\"og:type\" content=\"article\" \/>\n<meta property=\"og:title\" content=\"Spettacolo chic - Societ\u00e0 di Belle Arti\" \/>\n<meta property=\"og:description\" content=\"Giovanni Boldini vendita di quadri opere e dipinti del pittore Boldini Societ\u00e0 di Belle Arti Viareggio., dove comprare quadri di Boldini\" \/>\n<meta property=\"og:url\" content=\"https:\/\/www.sba.it\/en\/una-ricognizione-sulla-prima-stagione-di-boldini\/\" \/>\n<meta property=\"og:site_name\" content=\"Societ\u00e0 di Belle Arti\" \/>\n<meta property=\"article:publisher\" content=\"https:\/\/www.facebook.com\/pitturaitaliana800e900\/\" \/>\n<meta property=\"article:published_time\" content=\"2015-01-12T10:01:35+00:00\" \/>\n<meta property=\"article:modified_time\" content=\"2022-03-30T09:02:28+00:00\" \/>\n<meta name=\"author\" content=\"Vendita e acquisto quadri &#039;800 e &#039;900 - Societ\u00e0 di Belle Arti\" \/>\n<meta name=\"twitter:card\" content=\"summary_large_image\" \/>\n<meta name=\"twitter:creator\" content=\"@SocietaArti\" \/>\n<meta name=\"twitter:site\" content=\"@SocietaArti\" \/>\n<meta name=\"twitter:label1\" content=\"Written by\" \/>\n\t<meta name=\"twitter:data1\" content=\"Vendita e acquisto quadri &#039;800 e &#039;900 - Societ\u00e0 di Belle Arti\" \/>\n\t<meta name=\"twitter:label2\" content=\"Est. reading time\" \/>\n\t<meta name=\"twitter:data2\" content=\"2 minutes\" \/>\n<script type=\"application\/ld+json\" class=\"yoast-schema-graph\">{\"@context\":\"https:\\\/\\\/schema.org\",\"@graph\":[{\"@type\":\"Article\",\"@id\":\"https:\\\/\\\/www.sba.it\\\/en\\\/una-ricognizione-sulla-prima-stagione-di-boldini\\\/#article\",\"isPartOf\":{\"@id\":\"https:\\\/\\\/www.sba.it\\\/en\\\/una-ricognizione-sulla-prima-stagione-di-boldini\\\/\"},\"author\":{\"name\":\"Vendita e acquisto quadri '800 e '900 - Societ\u00e0 di Belle Arti\",\"@id\":\"https:\\\/\\\/www.sba.it\\\/#\\\/schema\\\/person\\\/968cb6f2084065f2f4fe69d739977acc\"},\"headline\":\"Spettacolo chic\",\"datePublished\":\"2015-01-12T10:01:35+00:00\",\"dateModified\":\"2022-03-30T09:02:28+00:00\",\"mainEntityOfPage\":{\"@id\":\"https:\\\/\\\/www.sba.it\\\/en\\\/una-ricognizione-sulla-prima-stagione-di-boldini\\\/\"},\"wordCount\":506,\"publisher\":{\"@id\":\"https:\\\/\\\/www.sba.it\\\/#organization\"},\"articleSection\":[\"Blog\"],\"inLanguage\":\"en-US\"},{\"@type\":\"WebPage\",\"@id\":\"https:\\\/\\\/www.sba.it\\\/en\\\/una-ricognizione-sulla-prima-stagione-di-boldini\\\/\",\"url\":\"https:\\\/\\\/www.sba.it\\\/en\\\/una-ricognizione-sulla-prima-stagione-di-boldini\\\/\",\"name\":\"Spettacolo chic - Societ\u00e0 di Belle Arti\",\"isPartOf\":{\"@id\":\"https:\\\/\\\/www.sba.it\\\/#website\"},\"datePublished\":\"2015-01-12T10:01:35+00:00\",\"dateModified\":\"2022-03-30T09:02:28+00:00\",\"description\":\"Giovanni Boldini vendita di quadri opere e dipinti del pittore Boldini Societ\u00e0 di Belle Arti Viareggio., dove comprare quadri di Boldini\",\"breadcrumb\":{\"@id\":\"https:\\\/\\\/www.sba.it\\\/en\\\/una-ricognizione-sulla-prima-stagione-di-boldini\\\/#breadcrumb\"},\"inLanguage\":\"en-US\",\"potentialAction\":[{\"@type\":\"ReadAction\",\"target\":[\"https:\\\/\\\/www.sba.it\\\/en\\\/una-ricognizione-sulla-prima-stagione-di-boldini\\\/\"]}]},{\"@type\":\"BreadcrumbList\",\"@id\":\"https:\\\/\\\/www.sba.it\\\/en\\\/una-ricognizione-sulla-prima-stagione-di-boldini\\\/#breadcrumb\",\"itemListElement\":[{\"@type\":\"ListItem\",\"position\":1,\"name\":\"Home\",\"item\":\"https:\\\/\\\/www.sba.it\\\/en\\\/\"},{\"@type\":\"ListItem\",\"position\":2,\"name\":\"Spettacolo chic\"}]},{\"@type\":\"WebSite\",\"@id\":\"https:\\\/\\\/www.sba.it\\\/#website\",\"url\":\"https:\\\/\\\/www.sba.it\\\/\",\"name\":\"Societ\u00e0 di Belle Arti\",\"description\":\"Quadri macchiaioli e del 800 e 900 in vendita\",\"publisher\":{\"@id\":\"https:\\\/\\\/www.sba.it\\\/#organization\"},\"potentialAction\":[{\"@type\":\"SearchAction\",\"target\":{\"@type\":\"EntryPoint\",\"urlTemplate\":\"https:\\\/\\\/www.sba.it\\\/?s={search_term_string}\"},\"query-input\":{\"@type\":\"PropertyValueSpecification\",\"valueRequired\":true,\"valueName\":\"search_term_string\"}}],\"inLanguage\":\"en-US\"},{\"@type\":\"Organization\",\"@id\":\"https:\\\/\\\/www.sba.it\\\/#organization\",\"name\":\"Societ\u00e0 di Belle Arti\",\"url\":\"https:\\\/\\\/www.sba.it\\\/\",\"logo\":{\"@type\":\"ImageObject\",\"inLanguage\":\"en-US\",\"@id\":\"https:\\\/\\\/www.sba.it\\\/#\\\/schema\\\/logo\\\/image\\\/\",\"url\":\"https:\\\/\\\/www.sba.it\\\/wp-content\\\/uploads\\\/2019\\\/04\\\/Logo-rosso_nero.png\",\"contentUrl\":\"https:\\\/\\\/www.sba.it\\\/wp-content\\\/uploads\\\/2019\\\/04\\\/Logo-rosso_nero.png\",\"width\":2532,\"height\":1137,\"caption\":\"Societ\u00e0 di Belle Arti\"},\"image\":{\"@id\":\"https:\\\/\\\/www.sba.it\\\/#\\\/schema\\\/logo\\\/image\\\/\"},\"sameAs\":[\"https:\\\/\\\/www.facebook.com\\\/pitturaitaliana800e900\\\/\",\"https:\\\/\\\/x.com\\\/SocietaArti\",\"https:\\\/\\\/www.instagram.com\\\/societadibellearti\",\"https:\\\/\\\/www.linkedin.com\\\/in\\\/societ\u00e0-di-belle-arti-363aa8191\\\/\",\"https:\\\/\\\/www.youtube.com\\\/channel\\\/UC6fJlk-ajwhsnEIICATyXaQ\"]},{\"@type\":\"Person\",\"@id\":\"https:\\\/\\\/www.sba.it\\\/#\\\/schema\\\/person\\\/968cb6f2084065f2f4fe69d739977acc\",\"name\":\"Vendita e acquisto quadri '800 e '900 - Societ\u00e0 di Belle Arti\",\"url\":\"https:\\\/\\\/www.sba.it\\\/en\\\/author\\\/sba\\\/\"}]}<\/script>\n<!-- \/ Yoast SEO plugin. -->","yoast_head_json":{"title":"Spettacolo chic - Societ\u00e0 di Belle Arti","description":"Giovanni Boldini vendita di quadri opere e dipinti del pittore Boldini Societ\u00e0 di Belle Arti Viareggio., dove comprare quadri di Boldini","robots":{"index":"index","follow":"follow","max-snippet":"max-snippet:-1","max-image-preview":"max-image-preview:large","max-video-preview":"max-video-preview:-1"},"canonical":"https:\/\/www.sba.it\/en\/una-ricognizione-sulla-prima-stagione-di-boldini\/","og_locale":"en_US","og_type":"article","og_title":"Spettacolo chic - Societ\u00e0 di Belle Arti","og_description":"Giovanni Boldini vendita di quadri opere e dipinti del pittore Boldini Societ\u00e0 di Belle Arti Viareggio., dove comprare quadri di Boldini","og_url":"https:\/\/www.sba.it\/en\/una-ricognizione-sulla-prima-stagione-di-boldini\/","og_site_name":"Societ\u00e0 di Belle Arti","article_publisher":"https:\/\/www.facebook.com\/pitturaitaliana800e900\/","article_published_time":"2015-01-12T10:01:35+00:00","article_modified_time":"2022-03-30T09:02:28+00:00","author":"Vendita e acquisto quadri '800 e '900 - Societ\u00e0 di Belle Arti","twitter_card":"summary_large_image","twitter_creator":"@SocietaArti","twitter_site":"@SocietaArti","twitter_misc":{"Written by":"Vendita e acquisto quadri '800 e '900 - Societ\u00e0 di Belle Arti","Est. reading time":"2 minutes"},"schema":{"@context":"https:\/\/schema.org","@graph":[{"@type":"Article","@id":"https:\/\/www.sba.it\/en\/una-ricognizione-sulla-prima-stagione-di-boldini\/#article","isPartOf":{"@id":"https:\/\/www.sba.it\/en\/una-ricognizione-sulla-prima-stagione-di-boldini\/"},"author":{"name":"Vendita e acquisto quadri '800 e '900 - Societ\u00e0 di Belle Arti","@id":"https:\/\/www.sba.it\/#\/schema\/person\/968cb6f2084065f2f4fe69d739977acc"},"headline":"Spettacolo chic","datePublished":"2015-01-12T10:01:35+00:00","dateModified":"2022-03-30T09:02:28+00:00","mainEntityOfPage":{"@id":"https:\/\/www.sba.it\/en\/una-ricognizione-sulla-prima-stagione-di-boldini\/"},"wordCount":506,"publisher":{"@id":"https:\/\/www.sba.it\/#organization"},"articleSection":["Blog"],"inLanguage":"en-US"},{"@type":"WebPage","@id":"https:\/\/www.sba.it\/en\/una-ricognizione-sulla-prima-stagione-di-boldini\/","url":"https:\/\/www.sba.it\/en\/una-ricognizione-sulla-prima-stagione-di-boldini\/","name":"Spettacolo chic - Societ\u00e0 di Belle Arti","isPartOf":{"@id":"https:\/\/www.sba.it\/#website"},"datePublished":"2015-01-12T10:01:35+00:00","dateModified":"2022-03-30T09:02:28+00:00","description":"Giovanni Boldini vendita di quadri opere e dipinti del pittore Boldini Societ\u00e0 di Belle Arti Viareggio., dove comprare quadri di Boldini","breadcrumb":{"@id":"https:\/\/www.sba.it\/en\/una-ricognizione-sulla-prima-stagione-di-boldini\/#breadcrumb"},"inLanguage":"en-US","potentialAction":[{"@type":"ReadAction","target":["https:\/\/www.sba.it\/en\/una-ricognizione-sulla-prima-stagione-di-boldini\/"]}]},{"@type":"BreadcrumbList","@id":"https:\/\/www.sba.it\/en\/una-ricognizione-sulla-prima-stagione-di-boldini\/#breadcrumb","itemListElement":[{"@type":"ListItem","position":1,"name":"Home","item":"https:\/\/www.sba.it\/en\/"},{"@type":"ListItem","position":2,"name":"Spettacolo chic"}]},{"@type":"WebSite","@id":"https:\/\/www.sba.it\/#website","url":"https:\/\/www.sba.it\/","name":"Societ\u00e0 di Belle Arti","description":"Quadri macchiaioli e del 800 e 900 in vendita","publisher":{"@id":"https:\/\/www.sba.it\/#organization"},"potentialAction":[{"@type":"SearchAction","target":{"@type":"EntryPoint","urlTemplate":"https:\/\/www.sba.it\/?s={search_term_string}"},"query-input":{"@type":"PropertyValueSpecification","valueRequired":true,"valueName":"search_term_string"}}],"inLanguage":"en-US"},{"@type":"Organization","@id":"https:\/\/www.sba.it\/#organization","name":"Societ\u00e0 di Belle Arti","url":"https:\/\/www.sba.it\/","logo":{"@type":"ImageObject","inLanguage":"en-US","@id":"https:\/\/www.sba.it\/#\/schema\/logo\/image\/","url":"https:\/\/www.sba.it\/wp-content\/uploads\/2019\/04\/Logo-rosso_nero.png","contentUrl":"https:\/\/www.sba.it\/wp-content\/uploads\/2019\/04\/Logo-rosso_nero.png","width":2532,"height":1137,"caption":"Societ\u00e0 di Belle Arti"},"image":{"@id":"https:\/\/www.sba.it\/#\/schema\/logo\/image\/"},"sameAs":["https:\/\/www.facebook.com\/pitturaitaliana800e900\/","https:\/\/x.com\/SocietaArti","https:\/\/www.instagram.com\/societadibellearti","https:\/\/www.linkedin.com\/in\/societ\u00e0-di-belle-arti-363aa8191\/","https:\/\/www.youtube.com\/channel\/UC6fJlk-ajwhsnEIICATyXaQ"]},{"@type":"Person","@id":"https:\/\/www.sba.it\/#\/schema\/person\/968cb6f2084065f2f4fe69d739977acc","name":"Vendita e acquisto quadri '800 e '900 - Societ\u00e0 di Belle Arti","url":"https:\/\/www.sba.it\/en\/author\/sba\/"}]}},"_links":{"self":[{"href":"https:\/\/www.sba.it\/en\/wp-json\/wp\/v2\/posts\/77870","targetHints":{"allow":["GET"]}}],"collection":[{"href":"https:\/\/www.sba.it\/en\/wp-json\/wp\/v2\/posts"}],"about":[{"href":"https:\/\/www.sba.it\/en\/wp-json\/wp\/v2\/types\/post"}],"author":[{"embeddable":true,"href":"https:\/\/www.sba.it\/en\/wp-json\/wp\/v2\/users\/2"}],"replies":[{"embeddable":true,"href":"https:\/\/www.sba.it\/en\/wp-json\/wp\/v2\/comments?post=77870"}],"version-history":[{"count":1,"href":"https:\/\/www.sba.it\/en\/wp-json\/wp\/v2\/posts\/77870\/revisions"}],"predecessor-version":[{"id":90420,"href":"https:\/\/www.sba.it\/en\/wp-json\/wp\/v2\/posts\/77870\/revisions\/90420"}],"wp:attachment":[{"href":"https:\/\/www.sba.it\/en\/wp-json\/wp\/v2\/media?parent=77870"}],"wp:term":[{"taxonomy":"category","embeddable":true,"href":"https:\/\/www.sba.it\/en\/wp-json\/wp\/v2\/categories?post=77870"},{"taxonomy":"post_tag","embeddable":true,"href":"https:\/\/www.sba.it\/en\/wp-json\/wp\/v2\/tags?post=77870"}],"curies":[{"name":"wp","href":"https:\/\/api.w.org\/{rel}","templated":true}]}}