{"id":77593,"date":"2016-02-05T11:23:11","date_gmt":"2016-02-05T10:23:11","guid":{"rendered":"http:\/\/www.sba.it\/2016\/02\/05\/milano-capitale-del-simbolismo\/"},"modified":"2022-03-11T11:24:14","modified_gmt":"2022-03-11T10:24:14","slug":"milano-capitale-del-simbolismo","status":"publish","type":"post","link":"https:\/\/www.sba.it\/en\/milano-capitale-del-simbolismo\/","title":{"rendered":"Milano capitale del Simbolismo"},"content":{"rendered":"<p><strong>di Ada Masoero da Il Sole 24ORE, 3 febbraio 2016<\/strong><\/p>\n<p><!--more--><\/p>\n<p>Con le sue 130 opere, giunte a Milano da grandi collezioni pubbliche e private internazionali, la mostra &#8220;Simbolismo. Arte in Europa dalla Belle \u00c9poque alla Grande Guerra&#8221;, si \u00e8 inaugurata ieri sera in <a href=\"https:\/\/www.palazzorealemilano.it\/homepage\">Palazzo Reale<\/a>, rilegge quella koin\u00e8 dai molti accenti che tra l&#8217;ultimo quindicennio dell&#8217;Ottocento e il primo del Novecento attravers\u00f2 l&#8217;intera Europa, imprimendo una netta virata ai linguaggi espressivi sino ad allora dominanti. \u00a0La nuova corrente di pensiero del Simbolismo rispondeva \u00a0alla disillusione di coloro \u00a0&#8211; ed erano molti, dall&#8217;Inghilterra alla Francia, dal Belgio all&#8217;Austria, dai paesi scandinavi all&#8217;Italia &#8211; che rifiutavano di nutrirsi del mito del progresso e di quella fede cieca nella scienza che avevano dominato il secondo &#8216;800, generando il naturaliasmo in letteratura e il realismo prima, poi l&#8217;impressionismo, nelle arti visive.<\/p>\n<p>La pittura degli Impressionisti, con il suo sfarfallio di pennellate colme di luce, che avevano l&#8217;unica ambizione di registrare il reale senza interrogarsi su null&#8217;altro che sulla natura della sensazione visiva, aveva perso ogni mordente su una generazione che andava nuovamente in cerca delle risposte alle domande universali sulla vita e sulla morte, sull&#8217;amore e sull&#8217;erotismo, sul bene e sul peccato&#8230;<\/p>\n<p>Per esprimere questa nuova linea, notturna e ombrosa, della cultura europea, occorreva per\u00f2 un linguaggio espressivo altrettanto nuovo: quegli artisti lo \u00a0trovarono, sul piano stilistico, nella pittura dei primitivi italiani, mentre sul versante dei contenuti da un lato attinsero dal grande serbatoio di simboli offerto dalla mitologia (riportati, poi, in primo piano dalla nascente psicoanalisi), dall&#8217;altro esplorarono i territori del sogno e dell&#8217;incubo. Grazie a tali &#8220;strumenti&#8221; gli artisti simbolisti poterono penetrare negli abissi insondati &#8211; perch\u00e8 tanto a lungo rimossi, a vantaggio della ragione e della scienza &#8211; dell&#8217;interiorit\u00e0 pi\u00f9 profonda.<\/p>\n<p>Fu Baudelaire, con la sua &#8220;peccaminosa&#8221; raccolta di poesie I fiori del male, a offrire le prime risposte a questo nuovo bisogno. Ed \u00e8 proprio dai Fiori del male che prende le mosse questa mostra affascinante, che poi procede, in ben 24 sale del piano nobile di Palazzo Reale, toccando nelle sue sezioni tutti i nuclei fondanti di quella cultura.<\/p>\n<p>Nel percorso della mostra &#8211; promossa dal Comune di Milano e prodotta da Palazzo Reale, 24 Ore Cultura &#8211; Gruppo 24 Ore e Arthemisia Group, con la cura di Fernando Mazzocca e Claudia Zevi, con Michael Draguet &#8211; scorrono dipinti al tempo stesso ammalianti e perturbanti , come Le carezze (L&#8217;Arte), 1896, di Fernand Khnopff, un&#8217;opera mai vista in Italia, non a caso scelta come immagine-guida della rassegna che attinge al mito di Edipo e la Sfinge., ma tocca anche il tema oggi cos\u00ec attuale dell&#8217;androgino, mentre sfiora le regioni della morte, con la cupa presenza dei cipressi. Ci sono gli allarmanti dipinti mitologici \u00a0di Gustave Moreau, quelli iniziatici dei Nabis e le donne fatali e diaboliche di Franz von Stuck, e poi alcuni esempi di scultura e molti, magnifici fogli di grafica, un medium praticato ad altissimi livelli dagli artisti del tempo, da Odilon Redon, che diede corpo nei suoi lavori ai pi\u00f9 angosciosi d\u00e8moni della mente, a Max Klinger e F\u00e9licien Rops, fino al nostro, non meno grande, Alberto martini.<\/p>\n<p>Perch\u00e9 se in mostra sfilano tutti i protagonisti internazionali di quella stagione, molti dei quali sono presenti con opere giunte per la prima volta in Italia (come l&#8217;Orfeo morto di Jean Delville, il grandioso L&#8217;Eletto di Ferdinand Hodler o Il silenzio della foresta di Arnold B\u00f6cklin), il grande valore aggiunto di questa mostra sta nella quantit\u00e0 e nell&#8217;altissima qualit\u00e0 degli artisti italiani presenti, che documentano come il Simbolismo, in tutte le sue declinazioni non sia stato secondo in Italia alle altre analoghe espressioni europee. A tenerne alta la bandiera sono artisti del calibro di <a href=\"http:\/\/sba.it\/st-2\/92-segantini-giovanni-biografia-quadri-in-vendita\">Segantini<\/a>, Previati, <a href=\"http:\/\/sba.it\/st-2\/337-pellizza-da-volpedo-giuseppe-biografia-quadri-in-vendita\">Pellizza da Volpedo<\/a> e <a href=\"http:\/\/sba.it\/st-2\/85-morbelli-angelo-quadri-in-vendita\">Morbelli<\/a>, attivi a Milano, e i pi\u00f9 &#8220;dannunziani&#8221; Sartorio e De Carolis, loro a Roma, tutti presenti con opere di grandissimo fascino.<\/p>\n<p>Ma non mancano autori meno noti, eppure capaci di creare opere altrettanto potenti (per tutti, Luigi Bonazza, con la sua ammaliante Leggenda d&#8217;Orfeo). Il congedo \u00e8 affidato a due episodi esemplari di quel clima: la rievocazione della Sala internazionale dell&#8217;Arte del Sogno, nella Biennale di Venezia del 1907, che segn\u00f2 la consacrazione del Simbolismo nelle arti visive, qui evocata dallo spettacolare ciclo pittorico di Sartorio e dai dipinti di Galileo Chini e Plinio Nomellini esposti allora in quella stessa sala, e, in chiusura, le sfolgoranti decorazioni, cos\u00ec Klimtiane , delle Mille e una notte di Vittorio Zecchin, realizzate per l&#8217;Hotel Terminus di Venezia nel 1914, giusto alle soglie dello scoppio della Grande Guerra, che avrebbe segnato la fine di quel mondo.<\/p>\n<p>&nbsp;<\/p>\n","protected":false},"excerpt":{"rendered":"<p>di Ada Masoero da Il Sole 24ORE, 3 febbraio 2016<\/p>\n","protected":false},"author":2,"featured_media":0,"comment_status":"closed","ping_status":"closed","sticky":false,"template":"","format":"standard","meta":{"_monsterinsights_skip_tracking":false,"_monsterinsights_sitenote_active":false,"_monsterinsights_sitenote_note":"","_monsterinsights_sitenote_category":0,"footnotes":""},"categories":[1393],"tags":[],"class_list":["post-77593","post","type-post","status-publish","format-standard","hentry","category-blog-en"],"yoast_head":"<!-- This site is optimized with the Yoast SEO plugin v27.5 - https:\/\/yoast.com\/product\/yoast-seo-wordpress\/ -->\n<title>Milano capitale del Simbolismo - Societ\u00e0 di Belle Arti<\/title>\n<meta name=\"description\" content=\"Milano capitale del Simbolismo mostra a Palazzo Reale, dove comprare quadri simbolisti, simbolismo dipinti in vendita online\" \/>\n<meta name=\"robots\" content=\"index, follow, max-snippet:-1, max-image-preview:large, max-video-preview:-1\" \/>\n<link rel=\"canonical\" href=\"https:\/\/www.sba.it\/en\/milano-capitale-del-simbolismo\/\" \/>\n<meta property=\"og:locale\" content=\"en_US\" \/>\n<meta property=\"og:type\" content=\"article\" \/>\n<meta property=\"og:title\" content=\"Milano capitale del Simbolismo - Societ\u00e0 di Belle Arti\" \/>\n<meta property=\"og:description\" content=\"Milano capitale del Simbolismo mostra a Palazzo Reale, dove comprare quadri simbolisti, simbolismo dipinti in vendita online\" \/>\n<meta property=\"og:url\" content=\"https:\/\/www.sba.it\/en\/milano-capitale-del-simbolismo\/\" \/>\n<meta property=\"og:site_name\" content=\"Societ\u00e0 di Belle Arti\" \/>\n<meta property=\"article:publisher\" content=\"https:\/\/www.facebook.com\/pitturaitaliana800e900\/\" \/>\n<meta property=\"article:published_time\" content=\"2016-02-05T10:23:11+00:00\" \/>\n<meta property=\"article:modified_time\" content=\"2022-03-11T10:24:14+00:00\" \/>\n<meta name=\"author\" content=\"Vendita e acquisto quadri &#039;800 e &#039;900 - Societ\u00e0 di Belle Arti\" \/>\n<meta name=\"twitter:card\" content=\"summary_large_image\" \/>\n<meta name=\"twitter:creator\" content=\"@SocietaArti\" \/>\n<meta name=\"twitter:site\" content=\"@SocietaArti\" \/>\n<meta name=\"twitter:label1\" content=\"Written by\" \/>\n\t<meta name=\"twitter:data1\" content=\"Vendita e acquisto quadri &#039;800 e &#039;900 - Societ\u00e0 di Belle Arti\" \/>\n\t<meta name=\"twitter:label2\" content=\"Est. reading time\" \/>\n\t<meta name=\"twitter:data2\" content=\"5 minutes\" \/>\n<script type=\"application\/ld+json\" class=\"yoast-schema-graph\">{\"@context\":\"https:\\\/\\\/schema.org\",\"@graph\":[{\"@type\":\"Article\",\"@id\":\"https:\\\/\\\/www.sba.it\\\/en\\\/milano-capitale-del-simbolismo\\\/#article\",\"isPartOf\":{\"@id\":\"https:\\\/\\\/www.sba.it\\\/en\\\/milano-capitale-del-simbolismo\\\/\"},\"author\":{\"name\":\"Vendita e acquisto quadri '800 e '900 - Societ\u00e0 di Belle Arti\",\"@id\":\"https:\\\/\\\/www.sba.it\\\/#\\\/schema\\\/person\\\/968cb6f2084065f2f4fe69d739977acc\"},\"headline\":\"Milano capitale del Simbolismo\",\"datePublished\":\"2016-02-05T10:23:11+00:00\",\"dateModified\":\"2022-03-11T10:24:14+00:00\",\"mainEntityOfPage\":{\"@id\":\"https:\\\/\\\/www.sba.it\\\/en\\\/milano-capitale-del-simbolismo\\\/\"},\"wordCount\":781,\"publisher\":{\"@id\":\"https:\\\/\\\/www.sba.it\\\/#organization\"},\"articleSection\":[\"Blog\"],\"inLanguage\":\"en-US\"},{\"@type\":\"WebPage\",\"@id\":\"https:\\\/\\\/www.sba.it\\\/en\\\/milano-capitale-del-simbolismo\\\/\",\"url\":\"https:\\\/\\\/www.sba.it\\\/en\\\/milano-capitale-del-simbolismo\\\/\",\"name\":\"Milano capitale del Simbolismo - Societ\u00e0 di Belle Arti\",\"isPartOf\":{\"@id\":\"https:\\\/\\\/www.sba.it\\\/#website\"},\"datePublished\":\"2016-02-05T10:23:11+00:00\",\"dateModified\":\"2022-03-11T10:24:14+00:00\",\"description\":\"Milano capitale del Simbolismo mostra a Palazzo Reale, dove comprare quadri simbolisti, simbolismo dipinti in vendita online\",\"breadcrumb\":{\"@id\":\"https:\\\/\\\/www.sba.it\\\/en\\\/milano-capitale-del-simbolismo\\\/#breadcrumb\"},\"inLanguage\":\"en-US\",\"potentialAction\":[{\"@type\":\"ReadAction\",\"target\":[\"https:\\\/\\\/www.sba.it\\\/en\\\/milano-capitale-del-simbolismo\\\/\"]}]},{\"@type\":\"BreadcrumbList\",\"@id\":\"https:\\\/\\\/www.sba.it\\\/en\\\/milano-capitale-del-simbolismo\\\/#breadcrumb\",\"itemListElement\":[{\"@type\":\"ListItem\",\"position\":1,\"name\":\"Home\",\"item\":\"https:\\\/\\\/www.sba.it\\\/en\\\/\"},{\"@type\":\"ListItem\",\"position\":2,\"name\":\"Milano capitale del Simbolismo\"}]},{\"@type\":\"WebSite\",\"@id\":\"https:\\\/\\\/www.sba.it\\\/#website\",\"url\":\"https:\\\/\\\/www.sba.it\\\/\",\"name\":\"Societ\u00e0 di Belle Arti\",\"description\":\"Quadri macchiaioli e del 800 e 900 in vendita\",\"publisher\":{\"@id\":\"https:\\\/\\\/www.sba.it\\\/#organization\"},\"potentialAction\":[{\"@type\":\"SearchAction\",\"target\":{\"@type\":\"EntryPoint\",\"urlTemplate\":\"https:\\\/\\\/www.sba.it\\\/?s={search_term_string}\"},\"query-input\":{\"@type\":\"PropertyValueSpecification\",\"valueRequired\":true,\"valueName\":\"search_term_string\"}}],\"inLanguage\":\"en-US\"},{\"@type\":\"Organization\",\"@id\":\"https:\\\/\\\/www.sba.it\\\/#organization\",\"name\":\"Societ\u00e0 di Belle Arti\",\"url\":\"https:\\\/\\\/www.sba.it\\\/\",\"logo\":{\"@type\":\"ImageObject\",\"inLanguage\":\"en-US\",\"@id\":\"https:\\\/\\\/www.sba.it\\\/#\\\/schema\\\/logo\\\/image\\\/\",\"url\":\"https:\\\/\\\/www.sba.it\\\/wp-content\\\/uploads\\\/2019\\\/04\\\/Logo-rosso_nero.png\",\"contentUrl\":\"https:\\\/\\\/www.sba.it\\\/wp-content\\\/uploads\\\/2019\\\/04\\\/Logo-rosso_nero.png\",\"width\":2532,\"height\":1137,\"caption\":\"Societ\u00e0 di Belle Arti\"},\"image\":{\"@id\":\"https:\\\/\\\/www.sba.it\\\/#\\\/schema\\\/logo\\\/image\\\/\"},\"sameAs\":[\"https:\\\/\\\/www.facebook.com\\\/pitturaitaliana800e900\\\/\",\"https:\\\/\\\/x.com\\\/SocietaArti\",\"https:\\\/\\\/www.instagram.com\\\/societadibellearti\",\"https:\\\/\\\/www.linkedin.com\\\/in\\\/societ\u00e0-di-belle-arti-363aa8191\\\/\",\"https:\\\/\\\/www.youtube.com\\\/channel\\\/UC6fJlk-ajwhsnEIICATyXaQ\"]},{\"@type\":\"Person\",\"@id\":\"https:\\\/\\\/www.sba.it\\\/#\\\/schema\\\/person\\\/968cb6f2084065f2f4fe69d739977acc\",\"name\":\"Vendita e acquisto quadri '800 e '900 - Societ\u00e0 di Belle Arti\",\"url\":\"https:\\\/\\\/www.sba.it\\\/en\\\/author\\\/sba\\\/\"}]}<\/script>\n<!-- \/ Yoast SEO plugin. -->","yoast_head_json":{"title":"Milano capitale del Simbolismo - Societ\u00e0 di Belle Arti","description":"Milano capitale del Simbolismo mostra a Palazzo Reale, dove comprare quadri simbolisti, simbolismo dipinti in vendita online","robots":{"index":"index","follow":"follow","max-snippet":"max-snippet:-1","max-image-preview":"max-image-preview:large","max-video-preview":"max-video-preview:-1"},"canonical":"https:\/\/www.sba.it\/en\/milano-capitale-del-simbolismo\/","og_locale":"en_US","og_type":"article","og_title":"Milano capitale del Simbolismo - Societ\u00e0 di Belle Arti","og_description":"Milano capitale del Simbolismo mostra a Palazzo Reale, dove comprare quadri simbolisti, simbolismo dipinti in vendita online","og_url":"https:\/\/www.sba.it\/en\/milano-capitale-del-simbolismo\/","og_site_name":"Societ\u00e0 di Belle Arti","article_publisher":"https:\/\/www.facebook.com\/pitturaitaliana800e900\/","article_published_time":"2016-02-05T10:23:11+00:00","article_modified_time":"2022-03-11T10:24:14+00:00","author":"Vendita e acquisto quadri '800 e '900 - Societ\u00e0 di Belle Arti","twitter_card":"summary_large_image","twitter_creator":"@SocietaArti","twitter_site":"@SocietaArti","twitter_misc":{"Written by":"Vendita e acquisto quadri '800 e '900 - Societ\u00e0 di Belle Arti","Est. reading time":"5 minutes"},"schema":{"@context":"https:\/\/schema.org","@graph":[{"@type":"Article","@id":"https:\/\/www.sba.it\/en\/milano-capitale-del-simbolismo\/#article","isPartOf":{"@id":"https:\/\/www.sba.it\/en\/milano-capitale-del-simbolismo\/"},"author":{"name":"Vendita e acquisto quadri '800 e '900 - Societ\u00e0 di Belle Arti","@id":"https:\/\/www.sba.it\/#\/schema\/person\/968cb6f2084065f2f4fe69d739977acc"},"headline":"Milano capitale del Simbolismo","datePublished":"2016-02-05T10:23:11+00:00","dateModified":"2022-03-11T10:24:14+00:00","mainEntityOfPage":{"@id":"https:\/\/www.sba.it\/en\/milano-capitale-del-simbolismo\/"},"wordCount":781,"publisher":{"@id":"https:\/\/www.sba.it\/#organization"},"articleSection":["Blog"],"inLanguage":"en-US"},{"@type":"WebPage","@id":"https:\/\/www.sba.it\/en\/milano-capitale-del-simbolismo\/","url":"https:\/\/www.sba.it\/en\/milano-capitale-del-simbolismo\/","name":"Milano capitale del Simbolismo - Societ\u00e0 di Belle Arti","isPartOf":{"@id":"https:\/\/www.sba.it\/#website"},"datePublished":"2016-02-05T10:23:11+00:00","dateModified":"2022-03-11T10:24:14+00:00","description":"Milano capitale del Simbolismo mostra a Palazzo Reale, dove comprare quadri simbolisti, simbolismo dipinti in vendita online","breadcrumb":{"@id":"https:\/\/www.sba.it\/en\/milano-capitale-del-simbolismo\/#breadcrumb"},"inLanguage":"en-US","potentialAction":[{"@type":"ReadAction","target":["https:\/\/www.sba.it\/en\/milano-capitale-del-simbolismo\/"]}]},{"@type":"BreadcrumbList","@id":"https:\/\/www.sba.it\/en\/milano-capitale-del-simbolismo\/#breadcrumb","itemListElement":[{"@type":"ListItem","position":1,"name":"Home","item":"https:\/\/www.sba.it\/en\/"},{"@type":"ListItem","position":2,"name":"Milano capitale del Simbolismo"}]},{"@type":"WebSite","@id":"https:\/\/www.sba.it\/#website","url":"https:\/\/www.sba.it\/","name":"Societ\u00e0 di Belle Arti","description":"Quadri macchiaioli e del 800 e 900 in vendita","publisher":{"@id":"https:\/\/www.sba.it\/#organization"},"potentialAction":[{"@type":"SearchAction","target":{"@type":"EntryPoint","urlTemplate":"https:\/\/www.sba.it\/?s={search_term_string}"},"query-input":{"@type":"PropertyValueSpecification","valueRequired":true,"valueName":"search_term_string"}}],"inLanguage":"en-US"},{"@type":"Organization","@id":"https:\/\/www.sba.it\/#organization","name":"Societ\u00e0 di Belle Arti","url":"https:\/\/www.sba.it\/","logo":{"@type":"ImageObject","inLanguage":"en-US","@id":"https:\/\/www.sba.it\/#\/schema\/logo\/image\/","url":"https:\/\/www.sba.it\/wp-content\/uploads\/2019\/04\/Logo-rosso_nero.png","contentUrl":"https:\/\/www.sba.it\/wp-content\/uploads\/2019\/04\/Logo-rosso_nero.png","width":2532,"height":1137,"caption":"Societ\u00e0 di Belle Arti"},"image":{"@id":"https:\/\/www.sba.it\/#\/schema\/logo\/image\/"},"sameAs":["https:\/\/www.facebook.com\/pitturaitaliana800e900\/","https:\/\/x.com\/SocietaArti","https:\/\/www.instagram.com\/societadibellearti","https:\/\/www.linkedin.com\/in\/societ\u00e0-di-belle-arti-363aa8191\/","https:\/\/www.youtube.com\/channel\/UC6fJlk-ajwhsnEIICATyXaQ"]},{"@type":"Person","@id":"https:\/\/www.sba.it\/#\/schema\/person\/968cb6f2084065f2f4fe69d739977acc","name":"Vendita e acquisto quadri '800 e '900 - Societ\u00e0 di Belle Arti","url":"https:\/\/www.sba.it\/en\/author\/sba\/"}]}},"_links":{"self":[{"href":"https:\/\/www.sba.it\/en\/wp-json\/wp\/v2\/posts\/77593","targetHints":{"allow":["GET"]}}],"collection":[{"href":"https:\/\/www.sba.it\/en\/wp-json\/wp\/v2\/posts"}],"about":[{"href":"https:\/\/www.sba.it\/en\/wp-json\/wp\/v2\/types\/post"}],"author":[{"embeddable":true,"href":"https:\/\/www.sba.it\/en\/wp-json\/wp\/v2\/users\/2"}],"replies":[{"embeddable":true,"href":"https:\/\/www.sba.it\/en\/wp-json\/wp\/v2\/comments?post=77593"}],"version-history":[{"count":1,"href":"https:\/\/www.sba.it\/en\/wp-json\/wp\/v2\/posts\/77593\/revisions"}],"predecessor-version":[{"id":90239,"href":"https:\/\/www.sba.it\/en\/wp-json\/wp\/v2\/posts\/77593\/revisions\/90239"}],"wp:attachment":[{"href":"https:\/\/www.sba.it\/en\/wp-json\/wp\/v2\/media?parent=77593"}],"wp:term":[{"taxonomy":"category","embeddable":true,"href":"https:\/\/www.sba.it\/en\/wp-json\/wp\/v2\/categories?post=77593"},{"taxonomy":"post_tag","embeddable":true,"href":"https:\/\/www.sba.it\/en\/wp-json\/wp\/v2\/tags?post=77593"}],"curies":[{"name":"wp","href":"https:\/\/api.w.org\/{rel}","templated":true}]}}